{"id":921,"date":"2021-01-14T11:50:51","date_gmt":"2021-01-14T10:50:51","guid":{"rendered":"https:\/\/www.juniorinternet.sk\/cms\/?p=921"},"modified":"2021-01-14T11:55:45","modified_gmt":"2021-01-14T10:55:45","slug":"vyhlasenie-16-rocnika-sutaznej-konferencie-junior-internet","status":"publish","type":"post","link":"https:\/\/www.juniorinternet.sk\/cms\/vyhlasenie-16-rocnika-sutaznej-konferencie-junior-internet\/","title":{"rendered":"Vyhl\u00e1senie 16. ro\u010dn\u00edka s\u00fa\u0165a\u017enej konferencie JUNIOR INTERNET"},"content":{"rendered":"\t\t<div data-elementor-type=\"wp-post\" data-elementor-id=\"921\" class=\"elementor elementor-921\">\n\t\t\t\t\t\t<section class=\"elementor-section elementor-top-section elementor-element elementor-element-4042abe7 elementor-section-boxed elementor-section-height-default elementor-section-height-default\" data-id=\"4042abe7\" data-element_type=\"section\">\n\t\t\t\t\t\t<div class=\"elementor-container elementor-column-gap-default\">\n\t\t\t\t\t<div class=\"elementor-column elementor-col-100 elementor-top-column elementor-element elementor-element-b5cb07b\" data-id=\"b5cb07b\" data-element_type=\"column\">\n\t\t\t<div class=\"elementor-widget-wrap elementor-element-populated\">\n\t\t\t\t\t\t<div class=\"elementor-element elementor-element-84f9d73 elementor-widget elementor-widget-text-editor\" data-id=\"84f9d73\" data-element_type=\"widget\" data-widget_type=\"text-editor.default\">\n\t\t\t\t<div class=\"elementor-widget-container\">\n\t\t\t\t\t\t\t<!-- wp:paragraph -->\n<p><strong>AMAVET vyhlasuje 16. ro\u010dn\u00edk jedine\u010dnej konferen\u010dnej s\u00fa\u0165a\u017ee JUNIOR INTERNET. S\u00fa\u0165a\u017e je ur\u010den\u00e1 \u017eiakom z\u00e1kladn\u00fdch a stredn\u00fdch \u0161k\u00f4l.<\/strong> S\u00fa\u0165a\u017eiacimi s\u00fa individu\u00e1lni autori alebo t\u00edm maxim\u00e1lne troch autorov, ktor\u00ed sa akt\u00edvne zauj\u00edmaj\u00fa o tvorbu webov\u00fdch str\u00e1nok, programovanie aplik\u00e1ci\u00ed, digit\u00e1lnu grafiku a dizajn, p\u00edsanie textov a\u00a0blogov, akt\u00edvnu tvorbu na soci\u00e1lnych sie\u0165ach a\u00a0tvorbu online projektov zameran\u00fdch na vzdel\u00e1vanie. S\u00fa\u0165a\u017e obohacuj\u00fa aj r\u00f4zne workshopy, diskusie a prezent\u00e1cie.<\/p>\n<!-- \/wp:paragraph --><!-- wp:paragraph -->\n<p><strong><u>Prihlasova\u0165 projekty do s\u00fa\u0165a\u017en\u00fdch kateg\u00f3ri\u00ed m\u00f4\u017eu autori do 15. marca 2021.<\/u><\/strong><strong> S\u00fa\u0165a\u017en\u00e9 kateg\u00f3rie:<\/strong><\/p>\n<!-- \/wp:paragraph --><!-- wp:paragraph -->\n<p><strong>JuniorWEB <\/strong>\u2013 webov\u00e9 str\u00e1nky,<\/p>\n<!-- \/wp:paragraph --><!-- wp:paragraph -->\n<p><strong>JuniorDESIGN<\/strong> \u2013 digit\u00e1lne grafick\u00e9 pr\u00e1ce a\u00a0digit\u00e1lny dizajn,<\/p>\n<!-- \/wp:paragraph --><!-- wp:paragraph -->\n<p>J<strong>uniorBLOG<\/strong> \u2013 blogy a\u00a0vlogy, ale aj obsah na soci\u00e1lnych sie\u0165ach (profil na Instagram-e alebo TikTok-u),<\/p>\n<!-- \/wp:paragraph --><!-- wp:paragraph -->\n<p><strong>JuniorAPP<\/strong> \u2013 mobiln\u00e9 aplik\u00e1cie,<\/p>\n<!-- \/wp:paragraph --><!-- wp:paragraph -->\n<p><strong>JuniorLEARN<\/strong> \u2013 weby a aplik\u00e1cie vyu\u017eite\u013en\u00e9 vo vzdel\u00e1van\u00ed,<\/p>\n<!-- \/wp:paragraph --><!-- wp:paragraph -->\n<p><strong>JuniorTEXT<\/strong> \u2013 texty na vyhl\u00e1sen\u00fa t\u00e9mu: Ak\u00fa podobu by mala ma\u0165 veda, ktor\u00e1 bude hnac\u00edm motorom Slovenska i\u00a0celej E\u00da?<\/p>\n<!-- \/wp:paragraph --><!-- wp:paragraph -->\n<p>Prihl\u00e1sen\u00e9 pr\u00e1ce bud\u00fa hodnoti\u0165 odborn\u00edci z\u00a0prostredia IT a internetu. O \u00faspechu projektu rozhoduje originalita a n\u00e1pad, dizajn, technick\u00e9 prevedenie, ale aj bezpe\u010dnos\u0165.<\/p>\n<!-- \/wp:paragraph --><!-- wp:paragraph -->\n<p><strong>Fin\u00e1le s\u00fa\u0165a\u017enej konferencie sa uskuto\u010dn\u00ed v\u00a0apr\u00edli 2021 op\u00e4\u0165 ako minul\u00fd rok formou videokonferencie a\u00a0s\u00fa\u0165a\u017eiaci maj\u00fa \u0161ancu z\u00edska\u0165 hodnotn\u00e9 vecn\u00e9 ceny.<\/strong><\/p>\n<!-- \/wp:paragraph --><!-- wp:paragraph -->\n<p>Z\u00e1\u0161titu nad 16. ro\u010dn\u00edkom s\u00fa\u0165a\u017ee prijal dekan Fakulty informatiky a\u00a0informa\u010dn\u00fdch technol\u00f3gi\u00ed STU prof. Ing. Ivan Kotuliak, PhD.<\/p>\n<!-- \/wp:paragraph --><!-- wp:paragraph -->\n<p>Odborn\u00fdm garantom JUNIOR INTERNET-u je IT Asoci\u00e1cia Slovenska a s\u00fa\u010dasne z\u00e1\u0161titu nad podujat\u00edm prijal prezident asoci\u00e1cie Emil Fito\u0161. Podujatie je s\u00fa\u010das\u0165ou aktiv\u00edt AMAVET-u v Digit\u00e1lnej koal\u00edcii.<\/p>\n<!-- \/wp:paragraph --><!-- wp:paragraph -->\n<p>S\u00fa\u0165a\u017en\u00fa konferenciu Junior Internet finan\u010dne podporili SK-NIC, a.s. a WebSupport, s.r.o.<\/p>\n<!-- \/wp:paragraph --><!-- wp:columns --><!-- \/wp:columns -->\t\t\t\t\t\t<\/div>\n\t\t\t\t<\/div>\n\t\t\t\t\t<\/div>\n\t\t<\/div>\n\t\t\t\t\t<\/div>\n\t\t<\/section>\n\t\t\t\t<section class=\"elementor-section elementor-top-section elementor-element elementor-element-26d5054 elementor-section-boxed elementor-section-height-default elementor-section-height-default\" data-id=\"26d5054\" data-element_type=\"section\">\n\t\t\t\t\t\t<div class=\"elementor-container elementor-column-gap-default\">\n\t\t\t\t\t<div class=\"elementor-column elementor-col-50 elementor-top-column elementor-element elementor-element-8e4d180\" data-id=\"8e4d180\" data-element_type=\"column\">\n\t\t\t<div class=\"elementor-widget-wrap elementor-element-populated\">\n\t\t\t\t\t\t<div class=\"elementor-element elementor-element-19b32e6 elementor-widget elementor-widget-image\" data-id=\"19b32e6\" data-element_type=\"widget\" data-widget_type=\"image.default\">\n\t\t\t\t<div class=\"elementor-widget-container\">\n\t\t\t\t\t\t\t\t\t\t\t\t\t<img decoding=\"async\" width=\"192\" height=\"66\" src=\"https:\/\/www.juniorinternet.sk\/cms\/wp-content\/uploads\/2021\/01\/sk-nic.png\" class=\"attachment-medium size-medium wp-image-922\" alt=\"\" \/>\t\t\t\t\t\t\t\t\t\t\t\t\t<\/div>\n\t\t\t\t<\/div>\n\t\t\t\t\t<\/div>\n\t\t<\/div>\n\t\t\t\t<div class=\"elementor-column elementor-col-50 elementor-top-column elementor-element elementor-element-c3d9d69\" data-id=\"c3d9d69\" data-element_type=\"column\">\n\t\t\t<div class=\"elementor-widget-wrap elementor-element-populated\">\n\t\t\t\t\t\t<div class=\"elementor-element elementor-element-0f5a239 elementor-widget elementor-widget-image\" data-id=\"0f5a239\" data-element_type=\"widget\" data-widget_type=\"image.default\">\n\t\t\t\t<div class=\"elementor-widget-container\">\n\t\t\t\t\t\t\t\t\t\t\t\t\t<img decoding=\"async\" width=\"300\" height=\"73\" src=\"https:\/\/www.juniorinternet.sk\/cms\/wp-content\/uploads\/2021\/01\/websupport-300x73.jpg\" class=\"attachment-medium size-medium wp-image-924\" alt=\"\" srcset=\"https:\/\/www.juniorinternet.sk\/cms\/wp-content\/uploads\/2021\/01\/websupport-300x73.jpg 300w, https:\/\/www.juniorinternet.sk\/cms\/wp-content\/uploads\/2021\/01\/websupport.jpg 617w\" sizes=\"(max-width: 300px) 100vw, 300px\" \/>\t\t\t\t\t\t\t\t\t\t\t\t\t<\/div>\n\t\t\t\t<\/div>\n\t\t\t\t\t<\/div>\n\t\t<\/div>\n\t\t\t\t\t<\/div>\n\t\t<\/section>\n\t\t\t\t<\/div>\n\t\t","protected":false},"excerpt":{"rendered":"<p>AMAVET vyhlasuje 16. ro\u010dn\u00edk jedine\u010dnej konferen\u010dnej s\u00fa\u0165a\u017ee JUNIOR INTERNET. S\u00fa\u0165a\u017e je ur\u010den\u00e1 \u017eiakom z\u00e1kladn\u00fdch a stredn\u00fdch \u0161k\u00f4l. S\u00fa\u0165a\u017eiacimi s\u00fa individu\u00e1lni autori alebo t\u00edm maxim\u00e1lne troch autorov, ktor\u00ed sa akt\u00edvne zauj\u00edmaj\u00fa o tvorbu webov\u00fdch str\u00e1nok, programovanie aplik\u00e1ci\u00ed, digit\u00e1lnu grafiku a dizajn, p\u00edsanie textov a&nbsp;blogov, akt\u00edvnu tvorbu na soci\u00e1lnych sie\u0165ach a&nbsp;tvorbu online projektov zameran\u00fdch na vzdel\u00e1vanie. S\u00fa\u0165a\u017e &hellip;<\/p>\n<p class=\"read-more\"> <a class=\"\" href=\"https:\/\/www.juniorinternet.sk\/cms\/vyhlasenie-16-rocnika-sutaznej-konferencie-junior-internet\/\"> <span class=\"screen-reader-text\">Vyhl\u00e1senie 16. ro\u010dn\u00edka s\u00fa\u0165a\u017enej konferencie JUNIOR INTERNET<\/span> \u010c\u00edtajte viac &raquo;<\/a><\/p>\n","protected":false},"author":1,"featured_media":937,"comment_status":"closed","ping_status":"open","sticky":false,"template":"","format":"standard","meta":{"site-sidebar-layout":"default","site-content-layout":"default","ast-global-header-display":"","ast-main-header-display":"","ast-hfb-above-header-display":"","ast-hfb-below-header-display":"","ast-hfb-mobile-header-display":"","site-post-title":"","ast-breadcrumbs-content":"","ast-featured-img":"","footer-sml-layout":"","theme-transparent-header-meta":"default","adv-header-id-meta":"","stick-header-meta":"","header-above-stick-meta":"","header-main-stick-meta":"","header-below-stick-meta":"","_joinchat":[]},"categories":[10,5],"tags":[],"yoast_head":"<!-- This site is optimized with the Yoast SEO plugin v20.7 - https:\/\/yoast.com\/wordpress\/plugins\/seo\/ -->\n<title>Vyhl\u00e1senie 16. ro\u010dn\u00edka s\u00fa\u0165a\u017enej konferencie JUNIOR INTERNET - JUNIOR INTERNET AMAVET<\/title>\n<meta name=\"robots\" content=\"index, follow, max-snippet:-1, max-image-preview:large, max-video-preview:-1\" \/>\n<link rel=\"canonical\" href=\"https:\/\/www.juniorinternet.sk\/cms\/vyhlasenie-16-rocnika-sutaznej-konferencie-junior-internet\/\" \/>\n<meta property=\"og:locale\" content=\"sk_SK\" \/>\n<meta property=\"og:type\" content=\"article\" \/>\n<meta property=\"og:title\" content=\"Vyhl\u00e1senie 16. ro\u010dn\u00edka s\u00fa\u0165a\u017enej konferencie JUNIOR INTERNET - JUNIOR INTERNET AMAVET\" \/>\n<meta property=\"og:description\" content=\"AMAVET vyhlasuje 16. ro\u010dn\u00edk jedine\u010dnej konferen\u010dnej s\u00fa\u0165a\u017ee JUNIOR INTERNET. S\u00fa\u0165a\u017e je ur\u010den\u00e1 \u017eiakom z\u00e1kladn\u00fdch a stredn\u00fdch \u0161k\u00f4l. S\u00fa\u0165a\u017eiacimi s\u00fa individu\u00e1lni autori alebo t\u00edm maxim\u00e1lne troch autorov, ktor\u00ed sa akt\u00edvne zauj\u00edmaj\u00fa o tvorbu webov\u00fdch str\u00e1nok, programovanie aplik\u00e1ci\u00ed, digit\u00e1lnu grafiku a dizajn, p\u00edsanie textov a&nbsp;blogov, akt\u00edvnu tvorbu na soci\u00e1lnych sie\u0165ach a&nbsp;tvorbu online projektov zameran\u00fdch na vzdel\u00e1vanie. S\u00fa\u0165a\u017e &hellip; Vyhl\u00e1senie 16. ro\u010dn\u00edka s\u00fa\u0165a\u017enej konferencie JUNIOR INTERNET \u010c\u00edtajte viac &raquo;\" \/>\n<meta property=\"og:url\" content=\"https:\/\/www.juniorinternet.sk\/cms\/vyhlasenie-16-rocnika-sutaznej-konferencie-junior-internet\/\" \/>\n<meta property=\"og:site_name\" content=\"JUNIOR INTERNET AMAVET\" \/>\n<meta property=\"article:publisher\" content=\"https:\/\/www.facebook.com\/amavet\/\" \/>\n<meta property=\"article:published_time\" content=\"2021-01-14T10:50:51+00:00\" \/>\n<meta property=\"article:modified_time\" content=\"2021-01-14T10:55:45+00:00\" \/>\n<meta property=\"og:image\" content=\"https:\/\/www.juniorinternet.sk\/cms\/wp-content\/uploads\/2021\/01\/JI_sutaziaci_2020.jpg\" \/>\n\t<meta property=\"og:image:width\" content=\"1386\" \/>\n\t<meta property=\"og:image:height\" content=\"924\" \/>\n\t<meta property=\"og:image:type\" content=\"image\/jpeg\" \/>\n<meta name=\"author\" content=\"D\u00e1vid Richter\" \/>\n<meta name=\"twitter:card\" content=\"summary_large_image\" \/>\n<meta name=\"twitter:label1\" content=\"Autor\" \/>\n\t<meta name=\"twitter:data1\" content=\"D\u00e1vid Richter\" \/>\n\t<meta name=\"twitter:label2\" content=\"Predpokladan\u00fd \u010das \u010d\u00edtania\" \/>\n\t<meta name=\"twitter:data2\" content=\"2 min\u00faty\" \/>\n<script type=\"application\/ld+json\" class=\"yoast-schema-graph\">{\"@context\":\"https:\/\/schema.org\",\"@graph\":[{\"@type\":\"Article\",\"@id\":\"https:\/\/www.juniorinternet.sk\/cms\/vyhlasenie-16-rocnika-sutaznej-konferencie-junior-internet\/#article\",\"isPartOf\":{\"@id\":\"https:\/\/www.juniorinternet.sk\/cms\/vyhlasenie-16-rocnika-sutaznej-konferencie-junior-internet\/\"},\"author\":{\"name\":\"D\u00e1vid Richter\",\"@id\":\"https:\/\/www.juniorinternet.sk\/cms\/#\/schema\/person\/a210f2af135ef661a1b95d208e9df699\"},\"headline\":\"Vyhl\u00e1senie 16. ro\u010dn\u00edka s\u00fa\u0165a\u017enej konferencie JUNIOR INTERNET\",\"datePublished\":\"2021-01-14T10:50:51+00:00\",\"dateModified\":\"2021-01-14T10:55:45+00:00\",\"mainEntityOfPage\":{\"@id\":\"https:\/\/www.juniorinternet.sk\/cms\/vyhlasenie-16-rocnika-sutaznej-konferencie-junior-internet\/\"},\"wordCount\":338,\"publisher\":{\"@id\":\"https:\/\/www.juniorinternet.sk\/cms\/#organization\"},\"articleSection\":[\"2021\",\"Novinky\"],\"inLanguage\":\"sk-SK\"},{\"@type\":\"WebPage\",\"@id\":\"https:\/\/www.juniorinternet.sk\/cms\/vyhlasenie-16-rocnika-sutaznej-konferencie-junior-internet\/\",\"url\":\"https:\/\/www.juniorinternet.sk\/cms\/vyhlasenie-16-rocnika-sutaznej-konferencie-junior-internet\/\",\"name\":\"Vyhl\u00e1senie 16. ro\u010dn\u00edka s\u00fa\u0165a\u017enej konferencie JUNIOR INTERNET - JUNIOR INTERNET AMAVET\",\"isPartOf\":{\"@id\":\"https:\/\/www.juniorinternet.sk\/cms\/#website\"},\"datePublished\":\"2021-01-14T10:50:51+00:00\",\"dateModified\":\"2021-01-14T10:55:45+00:00\",\"breadcrumb\":{\"@id\":\"https:\/\/www.juniorinternet.sk\/cms\/vyhlasenie-16-rocnika-sutaznej-konferencie-junior-internet\/#breadcrumb\"},\"inLanguage\":\"sk-SK\",\"potentialAction\":[{\"@type\":\"ReadAction\",\"target\":[\"https:\/\/www.juniorinternet.sk\/cms\/vyhlasenie-16-rocnika-sutaznej-konferencie-junior-internet\/\"]}]},{\"@type\":\"BreadcrumbList\",\"@id\":\"https:\/\/www.juniorinternet.sk\/cms\/vyhlasenie-16-rocnika-sutaznej-konferencie-junior-internet\/#breadcrumb\",\"itemListElement\":[{\"@type\":\"ListItem\",\"position\":1,\"name\":\"Home\",\"item\":\"https:\/\/www.juniorinternet.sk\/cms\/\"},{\"@type\":\"ListItem\",\"position\":2,\"name\":\"Vyhl\u00e1senie 16. ro\u010dn\u00edka s\u00fa\u0165a\u017enej konferencie JUNIOR INTERNET\"}]},{\"@type\":\"WebSite\",\"@id\":\"https:\/\/www.juniorinternet.sk\/cms\/#website\",\"url\":\"https:\/\/www.juniorinternet.sk\/cms\/\",\"name\":\"Junior Internet\",\"description\":\"Organiz\u00e1tor AMAVET\",\"publisher\":{\"@id\":\"https:\/\/www.juniorinternet.sk\/cms\/#organization\"},\"potentialAction\":[{\"@type\":\"SearchAction\",\"target\":{\"@type\":\"EntryPoint\",\"urlTemplate\":\"https:\/\/www.juniorinternet.sk\/cms\/?s={search_term_string}\"},\"query-input\":\"required name=search_term_string\"}],\"inLanguage\":\"sk-SK\"},{\"@type\":\"Organization\",\"@id\":\"https:\/\/www.juniorinternet.sk\/cms\/#organization\",\"name\":\"Asoci\u00e1cia pre ml\u00e1de\u017e, vedu a techniku\",\"url\":\"https:\/\/www.juniorinternet.sk\/cms\/\",\"logo\":{\"@type\":\"ImageObject\",\"inLanguage\":\"sk-SK\",\"@id\":\"https:\/\/www.juniorinternet.sk\/cms\/#\/schema\/logo\/image\/\",\"url\":\"https:\/\/www.juniorinternet.sk\/cms\/wp-content\/uploads\/2020\/01\/JI_orange_zm.png\",\"contentUrl\":\"https:\/\/www.juniorinternet.sk\/cms\/wp-content\/uploads\/2020\/01\/JI_orange_zm.png\",\"width\":350,\"height\":104,\"caption\":\"Asoci\u00e1cia pre ml\u00e1de\u017e, vedu a techniku\"},\"image\":{\"@id\":\"https:\/\/www.juniorinternet.sk\/cms\/#\/schema\/logo\/image\/\"},\"sameAs\":[\"https:\/\/www.facebook.com\/amavet\/\",\"https:\/\/www.instagram.com\/amavetsk\/\",\"https:\/\/www.youtube.com\/user\/AMAVETsk\"]},{\"@type\":\"Person\",\"@id\":\"https:\/\/www.juniorinternet.sk\/cms\/#\/schema\/person\/a210f2af135ef661a1b95d208e9df699\",\"name\":\"D\u00e1vid Richter\",\"image\":{\"@type\":\"ImageObject\",\"inLanguage\":\"sk-SK\",\"@id\":\"https:\/\/www.juniorinternet.sk\/cms\/#\/schema\/person\/image\/\",\"url\":\"https:\/\/secure.gravatar.com\/avatar\/b0684585e834f67c021c34c3d842bf46?s=96&d=mm&r=g\",\"contentUrl\":\"https:\/\/secure.gravatar.com\/avatar\/b0684585e834f67c021c34c3d842bf46?s=96&d=mm&r=g\",\"caption\":\"D\u00e1vid Richter\"}}]}<\/script>\n<!-- \/ Yoast SEO plugin. -->","yoast_head_json":{"title":"Vyhl\u00e1senie 16. ro\u010dn\u00edka s\u00fa\u0165a\u017enej konferencie JUNIOR INTERNET - JUNIOR INTERNET AMAVET","robots":{"index":"index","follow":"follow","max-snippet":"max-snippet:-1","max-image-preview":"max-image-preview:large","max-video-preview":"max-video-preview:-1"},"canonical":"https:\/\/www.juniorinternet.sk\/cms\/vyhlasenie-16-rocnika-sutaznej-konferencie-junior-internet\/","og_locale":"sk_SK","og_type":"article","og_title":"Vyhl\u00e1senie 16. ro\u010dn\u00edka s\u00fa\u0165a\u017enej konferencie JUNIOR INTERNET - JUNIOR INTERNET AMAVET","og_description":"AMAVET vyhlasuje 16. ro\u010dn\u00edk jedine\u010dnej konferen\u010dnej s\u00fa\u0165a\u017ee JUNIOR INTERNET. S\u00fa\u0165a\u017e je ur\u010den\u00e1 \u017eiakom z\u00e1kladn\u00fdch a stredn\u00fdch \u0161k\u00f4l. S\u00fa\u0165a\u017eiacimi s\u00fa individu\u00e1lni autori alebo t\u00edm maxim\u00e1lne troch autorov, ktor\u00ed sa akt\u00edvne zauj\u00edmaj\u00fa o tvorbu webov\u00fdch str\u00e1nok, programovanie aplik\u00e1ci\u00ed, digit\u00e1lnu grafiku a dizajn, p\u00edsanie textov a&nbsp;blogov, akt\u00edvnu tvorbu na soci\u00e1lnych sie\u0165ach a&nbsp;tvorbu online projektov zameran\u00fdch na vzdel\u00e1vanie. S\u00fa\u0165a\u017e &hellip; Vyhl\u00e1senie 16. ro\u010dn\u00edka s\u00fa\u0165a\u017enej konferencie JUNIOR INTERNET \u010c\u00edtajte viac &raquo;","og_url":"https:\/\/www.juniorinternet.sk\/cms\/vyhlasenie-16-rocnika-sutaznej-konferencie-junior-internet\/","og_site_name":"JUNIOR INTERNET AMAVET","article_publisher":"https:\/\/www.facebook.com\/amavet\/","article_published_time":"2021-01-14T10:50:51+00:00","article_modified_time":"2021-01-14T10:55:45+00:00","og_image":[{"width":1386,"height":924,"url":"https:\/\/www.juniorinternet.sk\/cms\/wp-content\/uploads\/2021\/01\/JI_sutaziaci_2020.jpg","type":"image\/jpeg"}],"author":"D\u00e1vid Richter","twitter_card":"summary_large_image","twitter_misc":{"Autor":"D\u00e1vid Richter","Predpokladan\u00fd \u010das \u010d\u00edtania":"2 min\u00faty"},"schema":{"@context":"https:\/\/schema.org","@graph":[{"@type":"Article","@id":"https:\/\/www.juniorinternet.sk\/cms\/vyhlasenie-16-rocnika-sutaznej-konferencie-junior-internet\/#article","isPartOf":{"@id":"https:\/\/www.juniorinternet.sk\/cms\/vyhlasenie-16-rocnika-sutaznej-konferencie-junior-internet\/"},"author":{"name":"D\u00e1vid Richter","@id":"https:\/\/www.juniorinternet.sk\/cms\/#\/schema\/person\/a210f2af135ef661a1b95d208e9df699"},"headline":"Vyhl\u00e1senie 16. ro\u010dn\u00edka s\u00fa\u0165a\u017enej konferencie JUNIOR INTERNET","datePublished":"2021-01-14T10:50:51+00:00","dateModified":"2021-01-14T10:55:45+00:00","mainEntityOfPage":{"@id":"https:\/\/www.juniorinternet.sk\/cms\/vyhlasenie-16-rocnika-sutaznej-konferencie-junior-internet\/"},"wordCount":338,"publisher":{"@id":"https:\/\/www.juniorinternet.sk\/cms\/#organization"},"articleSection":["2021","Novinky"],"inLanguage":"sk-SK"},{"@type":"WebPage","@id":"https:\/\/www.juniorinternet.sk\/cms\/vyhlasenie-16-rocnika-sutaznej-konferencie-junior-internet\/","url":"https:\/\/www.juniorinternet.sk\/cms\/vyhlasenie-16-rocnika-sutaznej-konferencie-junior-internet\/","name":"Vyhl\u00e1senie 16. ro\u010dn\u00edka s\u00fa\u0165a\u017enej konferencie JUNIOR INTERNET - JUNIOR INTERNET AMAVET","isPartOf":{"@id":"https:\/\/www.juniorinternet.sk\/cms\/#website"},"datePublished":"2021-01-14T10:50:51+00:00","dateModified":"2021-01-14T10:55:45+00:00","breadcrumb":{"@id":"https:\/\/www.juniorinternet.sk\/cms\/vyhlasenie-16-rocnika-sutaznej-konferencie-junior-internet\/#breadcrumb"},"inLanguage":"sk-SK","potentialAction":[{"@type":"ReadAction","target":["https:\/\/www.juniorinternet.sk\/cms\/vyhlasenie-16-rocnika-sutaznej-konferencie-junior-internet\/"]}]},{"@type":"BreadcrumbList","@id":"https:\/\/www.juniorinternet.sk\/cms\/vyhlasenie-16-rocnika-sutaznej-konferencie-junior-internet\/#breadcrumb","itemListElement":[{"@type":"ListItem","position":1,"name":"Home","item":"https:\/\/www.juniorinternet.sk\/cms\/"},{"@type":"ListItem","position":2,"name":"Vyhl\u00e1senie 16. ro\u010dn\u00edka s\u00fa\u0165a\u017enej konferencie JUNIOR INTERNET"}]},{"@type":"WebSite","@id":"https:\/\/www.juniorinternet.sk\/cms\/#website","url":"https:\/\/www.juniorinternet.sk\/cms\/","name":"Junior Internet","description":"Organiz\u00e1tor AMAVET","publisher":{"@id":"https:\/\/www.juniorinternet.sk\/cms\/#organization"},"potentialAction":[{"@type":"SearchAction","target":{"@type":"EntryPoint","urlTemplate":"https:\/\/www.juniorinternet.sk\/cms\/?s={search_term_string}"},"query-input":"required name=search_term_string"}],"inLanguage":"sk-SK"},{"@type":"Organization","@id":"https:\/\/www.juniorinternet.sk\/cms\/#organization","name":"Asoci\u00e1cia pre ml\u00e1de\u017e, vedu a techniku","url":"https:\/\/www.juniorinternet.sk\/cms\/","logo":{"@type":"ImageObject","inLanguage":"sk-SK","@id":"https:\/\/www.juniorinternet.sk\/cms\/#\/schema\/logo\/image\/","url":"https:\/\/www.juniorinternet.sk\/cms\/wp-content\/uploads\/2020\/01\/JI_orange_zm.png","contentUrl":"https:\/\/www.juniorinternet.sk\/cms\/wp-content\/uploads\/2020\/01\/JI_orange_zm.png","width":350,"height":104,"caption":"Asoci\u00e1cia pre ml\u00e1de\u017e, vedu a techniku"},"image":{"@id":"https:\/\/www.juniorinternet.sk\/cms\/#\/schema\/logo\/image\/"},"sameAs":["https:\/\/www.facebook.com\/amavet\/","https:\/\/www.instagram.com\/amavetsk\/","https:\/\/www.youtube.com\/user\/AMAVETsk"]},{"@type":"Person","@id":"https:\/\/www.juniorinternet.sk\/cms\/#\/schema\/person\/a210f2af135ef661a1b95d208e9df699","name":"D\u00e1vid Richter","image":{"@type":"ImageObject","inLanguage":"sk-SK","@id":"https:\/\/www.juniorinternet.sk\/cms\/#\/schema\/person\/image\/","url":"https:\/\/secure.gravatar.com\/avatar\/b0684585e834f67c021c34c3d842bf46?s=96&d=mm&r=g","contentUrl":"https:\/\/secure.gravatar.com\/avatar\/b0684585e834f67c021c34c3d842bf46?s=96&d=mm&r=g","caption":"D\u00e1vid Richter"}}]}},"_links":{"self":[{"href":"https:\/\/www.juniorinternet.sk\/cms\/wp-json\/wp\/v2\/posts\/921"}],"collection":[{"href":"https:\/\/www.juniorinternet.sk\/cms\/wp-json\/wp\/v2\/posts"}],"about":[{"href":"https:\/\/www.juniorinternet.sk\/cms\/wp-json\/wp\/v2\/types\/post"}],"author":[{"embeddable":true,"href":"https:\/\/www.juniorinternet.sk\/cms\/wp-json\/wp\/v2\/users\/1"}],"replies":[{"embeddable":true,"href":"https:\/\/www.juniorinternet.sk\/cms\/wp-json\/wp\/v2\/comments?post=921"}],"version-history":[{"count":6,"href":"https:\/\/www.juniorinternet.sk\/cms\/wp-json\/wp\/v2\/posts\/921\/revisions"}],"predecessor-version":[{"id":935,"href":"https:\/\/www.juniorinternet.sk\/cms\/wp-json\/wp\/v2\/posts\/921\/revisions\/935"}],"wp:featuredmedia":[{"embeddable":true,"href":"https:\/\/www.juniorinternet.sk\/cms\/wp-json\/wp\/v2\/media\/937"}],"wp:attachment":[{"href":"https:\/\/www.juniorinternet.sk\/cms\/wp-json\/wp\/v2\/media?parent=921"}],"wp:term":[{"taxonomy":"category","embeddable":true,"href":"https:\/\/www.juniorinternet.sk\/cms\/wp-json\/wp\/v2\/categories?post=921"},{"taxonomy":"post_tag","embeddable":true,"href":"https:\/\/www.juniorinternet.sk\/cms\/wp-json\/wp\/v2\/tags?post=921"}],"curies":[{"name":"wp","href":"https:\/\/api.w.org\/{rel}","templated":true}]}}