{"id":2688,"date":"2024-01-19T12:24:05","date_gmt":"2024-01-19T11:24:05","guid":{"rendered":"https:\/\/www.juniorinternet.sk\/cms\/?p=2688"},"modified":"2024-01-19T12:36:58","modified_gmt":"2024-01-19T11:36:58","slug":"elementor-2688","status":"publish","type":"post","link":"https:\/\/www.juniorinternet.sk\/cms\/elementor-2688\/","title":{"rendered":"Sp\u00fa\u0161\u0165ame registr\u00e1ciu na 19. ro\u010dn\u00edk Junior Internet AMAVET 2024: Digit\u00e1lni tvorcovia, pr\u00ed\u010fte sa predstavi\u0165!"},"content":{"rendered":"\t\t<div data-elementor-type=\"wp-post\" data-elementor-id=\"2688\" class=\"elementor elementor-2688\">\n\t\t\t\t\t\t<section class=\"elementor-section elementor-top-section elementor-element elementor-element-639192b elementor-section-boxed elementor-section-height-default elementor-section-height-default\" data-id=\"639192b\" data-element_type=\"section\">\n\t\t\t\t\t\t<div class=\"elementor-container elementor-column-gap-default\">\n\t\t\t\t\t<div class=\"elementor-column elementor-col-100 elementor-top-column elementor-element elementor-element-ce2bb92\" data-id=\"ce2bb92\" data-element_type=\"column\">\n\t\t\t<div class=\"elementor-widget-wrap elementor-element-populated\">\n\t\t\t\t\t\t<div class=\"elementor-element elementor-element-614835c elementor-widget elementor-widget-text-editor\" data-id=\"614835c\" data-element_type=\"widget\" data-widget_type=\"text-editor.default\">\n\t\t\t\t<div class=\"elementor-widget-container\">\n\t\t\t\t\t\t\t<p>S nov\u00fdm rokom prich\u00e1dza aj nov\u00e1 v\u00fdzva pre mlad\u00fdch nad\u0161encov digit\u00e1lnych technol\u00f3gi\u00ed. Na za\u010diatku janu\u00e1ra sme spustili registr\u00e1ciu na 19. ro\u010dn\u00edk s\u00fa\u0165a\u017enej konferencie Junior Internet AMAVET 2024. T\u00e1to tradi\u010dn\u00e1 udalos\u0165 pril\u00e1ka ka\u017edoro\u010dne talentovan\u00fdch \u017eiakov z\u00e1kladn\u00fdch a stredn\u00fdch \u0161k\u00f4l, ktor\u00ed s\u00fa ochotn\u00ed zdie\u013ea\u0165 svoje digit\u00e1lne projekty a s\u00fa\u0165a\u017ei\u0165 o cenn\u00e9 ocenenia.<\/p><p><strong>Novinky v kateg\u00f3ri\u00e1ch a term\u00ednoch<\/strong><\/p><p>S nov\u00fdm ro\u010dn\u00edkom prich\u00e1dzaj\u00fa aj nov\u00e9 zmeny, aby sme dr\u017eali krok so s\u00fa\u010dasn\u00fdmi trendmi. Kateg\u00f3rie tohto ro\u010dn\u00edka s\u00fa: <strong>JuniorWEB<\/strong>, <strong>JuniorAPP<\/strong>, <strong>JuniorDESIGN<\/strong>, <strong>JuniorTEXT<\/strong> a upraven\u00e1 kateg\u00f3ria &#8211; <strong>JuniorCONTENT<\/strong>. Tieto kateg\u00f3rie poskytuj\u00fa platformu pre \u0161irok\u00fa \u0161k\u00e1lu digit\u00e1lnych projektov a umo\u017e\u0148uj\u00fa \u0161tudentom uk\u00e1za\u0165 svoje r\u00f4znorod\u00e9 schopnosti a kreativitu.<\/p><p>Registr\u00e1cia pre projekty digit\u00e1lnych technol\u00f3gi\u00ed je otvoren\u00e1 a\u017e do <strong>3. marca 2024.<\/strong> N\u00e1sledne sa uskuto\u010dn\u00ed prv\u00e9 kolo hodnotenia, kde odborn\u00e1 hodnotiaca komisia vyberie najlep\u0161ie projekty v jednotliv\u00fdch kateg\u00f3ri\u00e1ch.<\/p><p><strong>Celo\u0161t\u00e1tne fin\u00e1le na FIIT STU v Bratislave<\/strong><\/p><p>Autori vybran\u00fdch projektov bud\u00fa pozvan\u00ed na celo\u0161t\u00e1tne fin\u00e1le Junior Internetu, ktor\u00e9 je napl\u00e1novan\u00e9 na <strong>12. &#8211; 13. apr\u00edla 2024<\/strong> na Fakulte informatiky a informa\u010dn\u00fdch technol\u00f3gi\u00ed STU v Bratislave. Toto fin\u00e1le bude nielen pr\u00edle\u017eitos\u0165ou pre \u0161tudentov prezentova\u0165 svoje n\u00e1pady, ale aj priestorom na stretnutie s odborn\u00edkmi a rovesn\u00edkmi s podobn\u00fdm z\u00e1ujmom.<\/p><p><strong>Pre\u010do sa z\u00fa\u010dastni\u0165 s\u00fa\u0165a\u017enej konferencie Junior Internet?<\/strong><\/p><p>\u00da\u010das\u0165 na tejto s\u00fa\u0165a\u017ei pon\u00faka \u0161tudentom jedine\u010dn\u00fa pr\u00edle\u017eitos\u0165 uk\u00e1za\u0165 ich projekty odborn\u00edkom v danej oblasti. Diskusie s odborn\u00edkmi m\u00f4\u017eu posun\u00fa\u0165 ich projekty e\u0161te \u010falej, in\u0161pirova\u0165 rovesn\u00edkov a nau\u010di\u0165 ich d\u00f4le\u017eit\u00e9 prezenta\u010dn\u00e9 zru\u010dnosti. Okrem toho je to tie\u017e skvel\u00e1 pr\u00edle\u017eitos\u0165 z\u00edska\u0165 pozvanie na Fakultu informatiky a informa\u010dn\u00fdch technol\u00f3gi\u00ed STU v Bratislave, \u010do m\u00f4\u017ee by\u0165 k\u013e\u00fa\u010dom k ich \u010fal\u0161iemu vzdel\u00e1vaniu v oblasti informatiky. Umiestnen\u00edm medzi najlep\u0161\u00edmi <strong>z\u00edskan\u00edm automatick\u00e9ho prijatia na FIIT STU<\/strong>, z\u00edskania odborn\u00fdch st\u00e1\u017ei grafiky v\u00a0spolo\u010dnosti GoBigname.<\/p><p><strong>Ako sa zapoji\u0165?<\/strong><\/p><p>V\u0161etk\u00fdch nad\u0161encov digit\u00e1lnych technol\u00f3gi\u00ed poz\u00fdvame, aby sa zaregistrovali so svojimi projektmi, webmi, aplik\u00e1ciami, profilmi na soci\u00e1lnych sie\u0165ach, blogmi a textami na webovej str\u00e1nke <a href=\"http:\/\/www.juniorinternet.sk\"><strong>www.juniorinternet.sk<\/strong><\/a> . Registr\u00e1cia je otvoren\u00e1 do 3. marca 2024.<\/p><p><strong>Ak\u00e1 je tohtoro\u010dn\u00e1 t\u00e9ma v\u00a0kateg\u00f3ri\u00ed JuniorTEXT?<\/strong><\/p><p><strong><u>\u010co by sa muselo sta\u0165, aby sme sa za\u010dali zauj\u00edma\u0165 o eur\u00f3pske vo\u013eby?<\/u><\/strong><\/p><p>Kontext:\u00a0 Slov\u00e1ci a Slovenky maj\u00fa dlhodobo n\u00edzky z\u00e1ujem nielen o vo\u013eby do Eur\u00f3pskeho parlamentu (tie najbli\u017e\u0161ie sa bud\u00fa kona\u0165 8. j\u00fana 2024), ale v porovnan\u00ed s in\u00fdmi krajinami Eur\u00f3pskej \u00fanie aj o svoje vlastn\u00e9. Navy\u0161e, demokracia nespo\u010d\u00edva len v jednorazovej \u00fa\u010dasti vo vo\u013eb\u00e1ch. Bez z\u00e1ujmu o fungovanie spolo\u010dnosti idea demokracie nenap\u013a\u0148a svoj potenci\u00e1l. Naopak, m\u00f4\u017ee hrozi\u0165 presadenie nedemokratick\u00fdch princ\u00edpov v politike. S\u00fa\u010dasn\u00e1 ml\u00e1de\u017e neza\u017eila totalitu, na druhej strane spomienkov\u00ed optimisti zabudli, ak\u00e9 bolo fungovanie \u0161t\u00e1tu bez demokratick\u00fdch princ\u00edpov. Zd\u00e1 sa, akoby sa na\u0161i ob\u010dania nemuseli o vo\u013eby zauj\u00edma\u0165, lebo zatia\u013e \u017eij\u00fa v demokratickej spolo\u010dnosti. To sa v\u0161ak m\u00f4\u017ee zmeni\u0165. Ak nastan\u00fa \u0165a\u017ek\u00e9 \u010dasy, \u013eudia sa bud\u00fa viac zauj\u00edma\u0165 o veci verejn\u00e9, no mo\u017eno u\u017e bude neskoro. \u010co by sa muselo sta\u0165, aby sme sa za\u010dali o eur\u00f3pske vo\u013eby zauj\u00edma\u0165 u\u017e teraz? Nemus\u00ed\u0161 p\u00edsa\u0165 len esej alebo \u00favahu, ale napr\u00edklad aj prejav \u010di dokonca b\u00e1se\u0148. Kreativite sa medze neklad\u00fa.<\/p><p><strong>Kde n\u00e1jdem krit\u00e9ria a\u00a0podmienky k\u00a0prihl\u00e1seniu projektu?<\/strong><\/p><p>Na str\u00e1nke <a href=\"http:\/\/www.juniorinternet.sk\">www.juniorinternet.sk<\/a> n\u00e1jdete podrobn\u00e9 krit\u00e9ria pre jednotliv\u00e9 kateg\u00f3rie.<\/p><p>V\u0161etk\u00fdm prihl\u00e1sen\u00fdm \u017eel\u00e1me ve\u013ea \u0161\u0165astia a te\u0161\u00edme sa na stretnutie v apr\u00edli na FIIT STU v Bratislave!<\/p><p>V\u00a0pr\u00edpade ak\u00fdchko\u013evek ot\u00e1zok ma nev\u00e1hajte kontaktova\u0165<\/p>\t\t\t\t\t\t<\/div>\n\t\t\t\t<\/div>\n\t\t\t\t\t<\/div>\n\t\t<\/div>\n\t\t\t\t\t<\/div>\n\t\t<\/section>\n\t\t\t\t<section class=\"elementor-section elementor-top-section elementor-element elementor-element-37966d6 elementor-section-boxed elementor-section-height-default elementor-section-height-default\" data-id=\"37966d6\" data-element_type=\"section\">\n\t\t\t\t\t\t<div class=\"elementor-container elementor-column-gap-default\">\n\t\t\t\t\t<div class=\"elementor-column elementor-col-100 elementor-top-column elementor-element elementor-element-aa7e392\" data-id=\"aa7e392\" data-element_type=\"column\">\n\t\t\t<div class=\"elementor-widget-wrap\">\n\t\t\t\t\t\t\t<\/div>\n\t\t<\/div>\n\t\t\t\t\t<\/div>\n\t\t<\/section>\n\t\t\t\t<section class=\"elementor-section elementor-top-section elementor-element elementor-element-a5bdbbb elementor-section-boxed elementor-section-height-default elementor-section-height-default\" data-id=\"a5bdbbb\" data-element_type=\"section\">\n\t\t\t\t\t\t<div class=\"elementor-container elementor-column-gap-default\">\n\t\t\t\t\t<div class=\"elementor-column elementor-col-100 elementor-top-column elementor-element elementor-element-bdc3737\" data-id=\"bdc3737\" data-element_type=\"column\">\n\t\t\t<div class=\"elementor-widget-wrap elementor-element-populated\">\n\t\t\t\t\t\t<div class=\"elementor-element elementor-element-bb6f1dc elementor-widget elementor-widget-image\" data-id=\"bb6f1dc\" data-element_type=\"widget\" data-widget_type=\"image.default\">\n\t\t\t\t<div class=\"elementor-widget-container\">\n\t\t\t\t\t\t\t\t\t\t\t\t\t<img fetchpriority=\"high\" decoding=\"async\" width=\"212\" height=\"300\" src=\"https:\/\/www.juniorinternet.sk\/cms\/wp-content\/uploads\/2024\/01\/Co-by-sa-muselo-stat-212x300.jpg\" class=\"attachment-medium size-medium wp-image-2704\" alt=\"\" srcset=\"https:\/\/www.juniorinternet.sk\/cms\/wp-content\/uploads\/2024\/01\/Co-by-sa-muselo-stat-212x300.jpg 212w, https:\/\/www.juniorinternet.sk\/cms\/wp-content\/uploads\/2024\/01\/Co-by-sa-muselo-stat-724x1024.jpg 724w, https:\/\/www.juniorinternet.sk\/cms\/wp-content\/uploads\/2024\/01\/Co-by-sa-muselo-stat-768x1086.jpg 768w, https:\/\/www.juniorinternet.sk\/cms\/wp-content\/uploads\/2024\/01\/Co-by-sa-muselo-stat-1086x1536.jpg 1086w, https:\/\/www.juniorinternet.sk\/cms\/wp-content\/uploads\/2024\/01\/Co-by-sa-muselo-stat.jpg 1414w\" sizes=\"(max-width: 212px) 100vw, 212px\" \/>\t\t\t\t\t\t\t\t\t\t\t\t\t<\/div>\n\t\t\t\t<\/div>\n\t\t\t\t\t<\/div>\n\t\t<\/div>\n\t\t\t\t\t<\/div>\n\t\t<\/section>\n\t\t\t\t<\/div>\n\t\t","protected":false},"excerpt":{"rendered":"<p>S nov\u00fdm rokom prich\u00e1dza aj nov\u00e1 v\u00fdzva pre mlad\u00fdch nad\u0161encov digit\u00e1lnych technol\u00f3gi\u00ed. Na za\u010diatku janu\u00e1ra sme spustili registr\u00e1ciu na 19. ro\u010dn\u00edk s\u00fa\u0165a\u017enej konferencie Junior Internet AMAVET 2024. T\u00e1to tradi\u010dn\u00e1 udalos\u0165 pril\u00e1ka ka\u017edoro\u010dne talentovan\u00fdch \u017eiakov z\u00e1kladn\u00fdch a stredn\u00fdch \u0161k\u00f4l, ktor\u00ed s\u00fa ochotn\u00ed zdie\u013ea\u0165 svoje digit\u00e1lne projekty a s\u00fa\u0165a\u017ei\u0165 o cenn\u00e9 ocenenia. Novinky v kateg\u00f3ri\u00e1ch a term\u00ednoch &hellip;<\/p>\n<p class=\"read-more\"> <a class=\"\" href=\"https:\/\/www.juniorinternet.sk\/cms\/elementor-2688\/\"> <span class=\"screen-reader-text\">Sp\u00fa\u0161\u0165ame registr\u00e1ciu na 19. ro\u010dn\u00edk Junior Internet AMAVET 2024: Digit\u00e1lni tvorcovia, pr\u00ed\u010fte sa predstavi\u0165!<\/span> \u010c\u00edtajte viac &raquo;<\/a><\/p>\n","protected":false},"author":2,"featured_media":2690,"comment_status":"closed","ping_status":"open","sticky":false,"template":"","format":"standard","meta":{"site-sidebar-layout":"default","site-content-layout":"default","ast-global-header-display":"","ast-main-header-display":"","ast-hfb-above-header-display":"","ast-hfb-below-header-display":"","ast-hfb-mobile-header-display":"","site-post-title":"","ast-breadcrumbs-content":"","ast-featured-img":"","footer-sml-layout":"","theme-transparent-header-meta":"","adv-header-id-meta":"","stick-header-meta":"","header-above-stick-meta":"","header-main-stick-meta":"","header-below-stick-meta":"","_joinchat":[]},"categories":[5],"tags":[],"yoast_head":"<!-- This site is optimized with the Yoast SEO plugin v20.7 - https:\/\/yoast.com\/wordpress\/plugins\/seo\/ -->\n<title>Sp\u00fa\u0161\u0165ame registr\u00e1ciu na 19. ro\u010dn\u00edk Junior Internet AMAVET 2024: Digit\u00e1lni tvorcovia, pr\u00ed\u010fte sa predstavi\u0165! - JUNIOR INTERNET AMAVET<\/title>\n<meta name=\"robots\" content=\"index, follow, max-snippet:-1, max-image-preview:large, max-video-preview:-1\" \/>\n<link rel=\"canonical\" href=\"https:\/\/www.juniorinternet.sk\/cms\/elementor-2688\/\" \/>\n<meta property=\"og:locale\" content=\"sk_SK\" \/>\n<meta property=\"og:type\" content=\"article\" \/>\n<meta property=\"og:title\" content=\"Sp\u00fa\u0161\u0165ame registr\u00e1ciu na 19. ro\u010dn\u00edk Junior Internet AMAVET 2024: Digit\u00e1lni tvorcovia, pr\u00ed\u010fte sa predstavi\u0165! - JUNIOR INTERNET AMAVET\" \/>\n<meta property=\"og:description\" content=\"S nov\u00fdm rokom prich\u00e1dza aj nov\u00e1 v\u00fdzva pre mlad\u00fdch nad\u0161encov digit\u00e1lnych technol\u00f3gi\u00ed. Na za\u010diatku janu\u00e1ra sme spustili registr\u00e1ciu na 19. ro\u010dn\u00edk s\u00fa\u0165a\u017enej konferencie Junior Internet AMAVET 2024. T\u00e1to tradi\u010dn\u00e1 udalos\u0165 pril\u00e1ka ka\u017edoro\u010dne talentovan\u00fdch \u017eiakov z\u00e1kladn\u00fdch a stredn\u00fdch \u0161k\u00f4l, ktor\u00ed s\u00fa ochotn\u00ed zdie\u013ea\u0165 svoje digit\u00e1lne projekty a s\u00fa\u0165a\u017ei\u0165 o cenn\u00e9 ocenenia. Novinky v kateg\u00f3ri\u00e1ch a term\u00ednoch &hellip; Sp\u00fa\u0161\u0165ame registr\u00e1ciu na 19. ro\u010dn\u00edk Junior Internet AMAVET 2024: Digit\u00e1lni tvorcovia, pr\u00ed\u010fte sa predstavi\u0165! \u010c\u00edtajte viac &raquo;\" \/>\n<meta property=\"og:url\" content=\"https:\/\/www.juniorinternet.sk\/cms\/elementor-2688\/\" \/>\n<meta property=\"og:site_name\" content=\"JUNIOR INTERNET AMAVET\" \/>\n<meta property=\"article:publisher\" content=\"https:\/\/www.facebook.com\/amavet\/\" \/>\n<meta property=\"article:published_time\" content=\"2024-01-19T11:24:05+00:00\" \/>\n<meta property=\"article:modified_time\" content=\"2024-01-19T11:36:58+00:00\" \/>\n<meta property=\"og:image\" content=\"https:\/\/www.juniorinternet.sk\/cms\/wp-content\/uploads\/2024\/01\/Registracia-spustena-JI-24.jpg\" \/>\n\t<meta property=\"og:image:width\" content=\"1414\" \/>\n\t<meta property=\"og:image:height\" content=\"2000\" \/>\n\t<meta property=\"og:image:type\" content=\"image\/jpeg\" \/>\n<meta name=\"author\" content=\"Barbora C\u00edchov\u00e1\" \/>\n<meta name=\"twitter:card\" content=\"summary_large_image\" \/>\n<meta name=\"twitter:label1\" content=\"Autor\" \/>\n\t<meta name=\"twitter:data1\" content=\"Barbora C\u00edchov\u00e1\" \/>\n\t<meta name=\"twitter:label2\" content=\"Predpokladan\u00fd \u010das \u010d\u00edtania\" \/>\n\t<meta name=\"twitter:data2\" content=\"3 min\u00faty\" \/>\n<script type=\"application\/ld+json\" class=\"yoast-schema-graph\">{\"@context\":\"https:\/\/schema.org\",\"@graph\":[{\"@type\":\"Article\",\"@id\":\"https:\/\/www.juniorinternet.sk\/cms\/elementor-2688\/#article\",\"isPartOf\":{\"@id\":\"https:\/\/www.juniorinternet.sk\/cms\/elementor-2688\/\"},\"author\":{\"name\":\"Barbora C\u00edchov\u00e1\",\"@id\":\"https:\/\/www.juniorinternet.sk\/cms\/#\/schema\/person\/9d4ab1e443b28136e016a74191d85875\"},\"headline\":\"Sp\u00fa\u0161\u0165ame registr\u00e1ciu na 19. ro\u010dn\u00edk Junior Internet AMAVET 2024: Digit\u00e1lni tvorcovia, pr\u00ed\u010fte sa predstavi\u0165!\",\"datePublished\":\"2024-01-19T11:24:05+00:00\",\"dateModified\":\"2024-01-19T11:36:58+00:00\",\"mainEntityOfPage\":{\"@id\":\"https:\/\/www.juniorinternet.sk\/cms\/elementor-2688\/\"},\"wordCount\":723,\"publisher\":{\"@id\":\"https:\/\/www.juniorinternet.sk\/cms\/#organization\"},\"articleSection\":[\"Novinky\"],\"inLanguage\":\"sk-SK\"},{\"@type\":\"WebPage\",\"@id\":\"https:\/\/www.juniorinternet.sk\/cms\/elementor-2688\/\",\"url\":\"https:\/\/www.juniorinternet.sk\/cms\/elementor-2688\/\",\"name\":\"Sp\u00fa\u0161\u0165ame registr\u00e1ciu na 19. ro\u010dn\u00edk Junior Internet AMAVET 2024: Digit\u00e1lni tvorcovia, pr\u00ed\u010fte sa predstavi\u0165! - JUNIOR INTERNET AMAVET\",\"isPartOf\":{\"@id\":\"https:\/\/www.juniorinternet.sk\/cms\/#website\"},\"datePublished\":\"2024-01-19T11:24:05+00:00\",\"dateModified\":\"2024-01-19T11:36:58+00:00\",\"breadcrumb\":{\"@id\":\"https:\/\/www.juniorinternet.sk\/cms\/elementor-2688\/#breadcrumb\"},\"inLanguage\":\"sk-SK\",\"potentialAction\":[{\"@type\":\"ReadAction\",\"target\":[\"https:\/\/www.juniorinternet.sk\/cms\/elementor-2688\/\"]}]},{\"@type\":\"BreadcrumbList\",\"@id\":\"https:\/\/www.juniorinternet.sk\/cms\/elementor-2688\/#breadcrumb\",\"itemListElement\":[{\"@type\":\"ListItem\",\"position\":1,\"name\":\"Home\",\"item\":\"https:\/\/www.juniorinternet.sk\/cms\/\"},{\"@type\":\"ListItem\",\"position\":2,\"name\":\"Sp\u00fa\u0161\u0165ame registr\u00e1ciu na 19. ro\u010dn\u00edk Junior Internet AMAVET 2024: Digit\u00e1lni tvorcovia, pr\u00ed\u010fte sa predstavi\u0165!\"}]},{\"@type\":\"WebSite\",\"@id\":\"https:\/\/www.juniorinternet.sk\/cms\/#website\",\"url\":\"https:\/\/www.juniorinternet.sk\/cms\/\",\"name\":\"Junior Internet\",\"description\":\"Organiz\u00e1tor AMAVET\",\"publisher\":{\"@id\":\"https:\/\/www.juniorinternet.sk\/cms\/#organization\"},\"potentialAction\":[{\"@type\":\"SearchAction\",\"target\":{\"@type\":\"EntryPoint\",\"urlTemplate\":\"https:\/\/www.juniorinternet.sk\/cms\/?s={search_term_string}\"},\"query-input\":\"required name=search_term_string\"}],\"inLanguage\":\"sk-SK\"},{\"@type\":\"Organization\",\"@id\":\"https:\/\/www.juniorinternet.sk\/cms\/#organization\",\"name\":\"Asoci\u00e1cia pre ml\u00e1de\u017e, vedu a techniku\",\"url\":\"https:\/\/www.juniorinternet.sk\/cms\/\",\"logo\":{\"@type\":\"ImageObject\",\"inLanguage\":\"sk-SK\",\"@id\":\"https:\/\/www.juniorinternet.sk\/cms\/#\/schema\/logo\/image\/\",\"url\":\"https:\/\/www.juniorinternet.sk\/cms\/wp-content\/uploads\/2020\/01\/JI_orange_zm.png\",\"contentUrl\":\"https:\/\/www.juniorinternet.sk\/cms\/wp-content\/uploads\/2020\/01\/JI_orange_zm.png\",\"width\":350,\"height\":104,\"caption\":\"Asoci\u00e1cia pre ml\u00e1de\u017e, vedu a techniku\"},\"image\":{\"@id\":\"https:\/\/www.juniorinternet.sk\/cms\/#\/schema\/logo\/image\/\"},\"sameAs\":[\"https:\/\/www.facebook.com\/amavet\/\",\"https:\/\/www.instagram.com\/amavetsk\/\",\"https:\/\/www.youtube.com\/user\/AMAVETsk\"]},{\"@type\":\"Person\",\"@id\":\"https:\/\/www.juniorinternet.sk\/cms\/#\/schema\/person\/9d4ab1e443b28136e016a74191d85875\",\"name\":\"Barbora C\u00edchov\u00e1\",\"image\":{\"@type\":\"ImageObject\",\"inLanguage\":\"sk-SK\",\"@id\":\"https:\/\/www.juniorinternet.sk\/cms\/#\/schema\/person\/image\/\",\"url\":\"https:\/\/secure.gravatar.com\/avatar\/100effe984e8bd7bc7c115f220ccbe40?s=96&d=mm&r=g\",\"contentUrl\":\"https:\/\/secure.gravatar.com\/avatar\/100effe984e8bd7bc7c115f220ccbe40?s=96&d=mm&r=g\",\"caption\":\"Barbora C\u00edchov\u00e1\"}}]}<\/script>\n<!-- \/ Yoast SEO plugin. -->","yoast_head_json":{"title":"Sp\u00fa\u0161\u0165ame registr\u00e1ciu na 19. ro\u010dn\u00edk Junior Internet AMAVET 2024: Digit\u00e1lni tvorcovia, pr\u00ed\u010fte sa predstavi\u0165! - JUNIOR INTERNET AMAVET","robots":{"index":"index","follow":"follow","max-snippet":"max-snippet:-1","max-image-preview":"max-image-preview:large","max-video-preview":"max-video-preview:-1"},"canonical":"https:\/\/www.juniorinternet.sk\/cms\/elementor-2688\/","og_locale":"sk_SK","og_type":"article","og_title":"Sp\u00fa\u0161\u0165ame registr\u00e1ciu na 19. ro\u010dn\u00edk Junior Internet AMAVET 2024: Digit\u00e1lni tvorcovia, pr\u00ed\u010fte sa predstavi\u0165! - JUNIOR INTERNET AMAVET","og_description":"S nov\u00fdm rokom prich\u00e1dza aj nov\u00e1 v\u00fdzva pre mlad\u00fdch nad\u0161encov digit\u00e1lnych technol\u00f3gi\u00ed. Na za\u010diatku janu\u00e1ra sme spustili registr\u00e1ciu na 19. ro\u010dn\u00edk s\u00fa\u0165a\u017enej konferencie Junior Internet AMAVET 2024. T\u00e1to tradi\u010dn\u00e1 udalos\u0165 pril\u00e1ka ka\u017edoro\u010dne talentovan\u00fdch \u017eiakov z\u00e1kladn\u00fdch a stredn\u00fdch \u0161k\u00f4l, ktor\u00ed s\u00fa ochotn\u00ed zdie\u013ea\u0165 svoje digit\u00e1lne projekty a s\u00fa\u0165a\u017ei\u0165 o cenn\u00e9 ocenenia. Novinky v kateg\u00f3ri\u00e1ch a term\u00ednoch &hellip; Sp\u00fa\u0161\u0165ame registr\u00e1ciu na 19. ro\u010dn\u00edk Junior Internet AMAVET 2024: Digit\u00e1lni tvorcovia, pr\u00ed\u010fte sa predstavi\u0165! \u010c\u00edtajte viac &raquo;","og_url":"https:\/\/www.juniorinternet.sk\/cms\/elementor-2688\/","og_site_name":"JUNIOR INTERNET AMAVET","article_publisher":"https:\/\/www.facebook.com\/amavet\/","article_published_time":"2024-01-19T11:24:05+00:00","article_modified_time":"2024-01-19T11:36:58+00:00","og_image":[{"width":1414,"height":2000,"url":"https:\/\/www.juniorinternet.sk\/cms\/wp-content\/uploads\/2024\/01\/Registracia-spustena-JI-24.jpg","type":"image\/jpeg"}],"author":"Barbora C\u00edchov\u00e1","twitter_card":"summary_large_image","twitter_misc":{"Autor":"Barbora C\u00edchov\u00e1","Predpokladan\u00fd \u010das \u010d\u00edtania":"3 min\u00faty"},"schema":{"@context":"https:\/\/schema.org","@graph":[{"@type":"Article","@id":"https:\/\/www.juniorinternet.sk\/cms\/elementor-2688\/#article","isPartOf":{"@id":"https:\/\/www.juniorinternet.sk\/cms\/elementor-2688\/"},"author":{"name":"Barbora C\u00edchov\u00e1","@id":"https:\/\/www.juniorinternet.sk\/cms\/#\/schema\/person\/9d4ab1e443b28136e016a74191d85875"},"headline":"Sp\u00fa\u0161\u0165ame registr\u00e1ciu na 19. ro\u010dn\u00edk Junior Internet AMAVET 2024: Digit\u00e1lni tvorcovia, pr\u00ed\u010fte sa predstavi\u0165!","datePublished":"2024-01-19T11:24:05+00:00","dateModified":"2024-01-19T11:36:58+00:00","mainEntityOfPage":{"@id":"https:\/\/www.juniorinternet.sk\/cms\/elementor-2688\/"},"wordCount":723,"publisher":{"@id":"https:\/\/www.juniorinternet.sk\/cms\/#organization"},"articleSection":["Novinky"],"inLanguage":"sk-SK"},{"@type":"WebPage","@id":"https:\/\/www.juniorinternet.sk\/cms\/elementor-2688\/","url":"https:\/\/www.juniorinternet.sk\/cms\/elementor-2688\/","name":"Sp\u00fa\u0161\u0165ame registr\u00e1ciu na 19. ro\u010dn\u00edk Junior Internet AMAVET 2024: Digit\u00e1lni tvorcovia, pr\u00ed\u010fte sa predstavi\u0165! - JUNIOR INTERNET AMAVET","isPartOf":{"@id":"https:\/\/www.juniorinternet.sk\/cms\/#website"},"datePublished":"2024-01-19T11:24:05+00:00","dateModified":"2024-01-19T11:36:58+00:00","breadcrumb":{"@id":"https:\/\/www.juniorinternet.sk\/cms\/elementor-2688\/#breadcrumb"},"inLanguage":"sk-SK","potentialAction":[{"@type":"ReadAction","target":["https:\/\/www.juniorinternet.sk\/cms\/elementor-2688\/"]}]},{"@type":"BreadcrumbList","@id":"https:\/\/www.juniorinternet.sk\/cms\/elementor-2688\/#breadcrumb","itemListElement":[{"@type":"ListItem","position":1,"name":"Home","item":"https:\/\/www.juniorinternet.sk\/cms\/"},{"@type":"ListItem","position":2,"name":"Sp\u00fa\u0161\u0165ame registr\u00e1ciu na 19. ro\u010dn\u00edk Junior Internet AMAVET 2024: Digit\u00e1lni tvorcovia, pr\u00ed\u010fte sa predstavi\u0165!"}]},{"@type":"WebSite","@id":"https:\/\/www.juniorinternet.sk\/cms\/#website","url":"https:\/\/www.juniorinternet.sk\/cms\/","name":"Junior Internet","description":"Organiz\u00e1tor AMAVET","publisher":{"@id":"https:\/\/www.juniorinternet.sk\/cms\/#organization"},"potentialAction":[{"@type":"SearchAction","target":{"@type":"EntryPoint","urlTemplate":"https:\/\/www.juniorinternet.sk\/cms\/?s={search_term_string}"},"query-input":"required name=search_term_string"}],"inLanguage":"sk-SK"},{"@type":"Organization","@id":"https:\/\/www.juniorinternet.sk\/cms\/#organization","name":"Asoci\u00e1cia pre ml\u00e1de\u017e, vedu a techniku","url":"https:\/\/www.juniorinternet.sk\/cms\/","logo":{"@type":"ImageObject","inLanguage":"sk-SK","@id":"https:\/\/www.juniorinternet.sk\/cms\/#\/schema\/logo\/image\/","url":"https:\/\/www.juniorinternet.sk\/cms\/wp-content\/uploads\/2020\/01\/JI_orange_zm.png","contentUrl":"https:\/\/www.juniorinternet.sk\/cms\/wp-content\/uploads\/2020\/01\/JI_orange_zm.png","width":350,"height":104,"caption":"Asoci\u00e1cia pre ml\u00e1de\u017e, vedu a techniku"},"image":{"@id":"https:\/\/www.juniorinternet.sk\/cms\/#\/schema\/logo\/image\/"},"sameAs":["https:\/\/www.facebook.com\/amavet\/","https:\/\/www.instagram.com\/amavetsk\/","https:\/\/www.youtube.com\/user\/AMAVETsk"]},{"@type":"Person","@id":"https:\/\/www.juniorinternet.sk\/cms\/#\/schema\/person\/9d4ab1e443b28136e016a74191d85875","name":"Barbora C\u00edchov\u00e1","image":{"@type":"ImageObject","inLanguage":"sk-SK","@id":"https:\/\/www.juniorinternet.sk\/cms\/#\/schema\/person\/image\/","url":"https:\/\/secure.gravatar.com\/avatar\/100effe984e8bd7bc7c115f220ccbe40?s=96&d=mm&r=g","contentUrl":"https:\/\/secure.gravatar.com\/avatar\/100effe984e8bd7bc7c115f220ccbe40?s=96&d=mm&r=g","caption":"Barbora C\u00edchov\u00e1"}}]}},"_links":{"self":[{"href":"https:\/\/www.juniorinternet.sk\/cms\/wp-json\/wp\/v2\/posts\/2688"}],"collection":[{"href":"https:\/\/www.juniorinternet.sk\/cms\/wp-json\/wp\/v2\/posts"}],"about":[{"href":"https:\/\/www.juniorinternet.sk\/cms\/wp-json\/wp\/v2\/types\/post"}],"author":[{"embeddable":true,"href":"https:\/\/www.juniorinternet.sk\/cms\/wp-json\/wp\/v2\/users\/2"}],"replies":[{"embeddable":true,"href":"https:\/\/www.juniorinternet.sk\/cms\/wp-json\/wp\/v2\/comments?post=2688"}],"version-history":[{"count":6,"href":"https:\/\/www.juniorinternet.sk\/cms\/wp-json\/wp\/v2\/posts\/2688\/revisions"}],"predecessor-version":[{"id":2707,"href":"https:\/\/www.juniorinternet.sk\/cms\/wp-json\/wp\/v2\/posts\/2688\/revisions\/2707"}],"wp:featuredmedia":[{"embeddable":true,"href":"https:\/\/www.juniorinternet.sk\/cms\/wp-json\/wp\/v2\/media\/2690"}],"wp:attachment":[{"href":"https:\/\/www.juniorinternet.sk\/cms\/wp-json\/wp\/v2\/media?parent=2688"}],"wp:term":[{"taxonomy":"category","embeddable":true,"href":"https:\/\/www.juniorinternet.sk\/cms\/wp-json\/wp\/v2\/categories?post=2688"},{"taxonomy":"post_tag","embeddable":true,"href":"https:\/\/www.juniorinternet.sk\/cms\/wp-json\/wp\/v2\/tags?post=2688"}],"curies":[{"name":"wp","href":"https:\/\/api.w.org\/{rel}","templated":true}]}}