{"id":1336,"date":"2022-01-21T21:08:13","date_gmt":"2022-01-21T20:08:13","guid":{"rendered":"https:\/\/www.juniorinternet.sk\/cms\/?p=1336"},"modified":"2022-02-05T17:44:43","modified_gmt":"2022-02-05T16:44:43","slug":"s-novym-logom-spustame-aj-novy-17-rocnik-sutaznej-konferencie-junior-internet","status":"publish","type":"post","link":"https:\/\/www.juniorinternet.sk\/cms\/s-novym-logom-spustame-aj-novy-17-rocnik-sutaznej-konferencie-junior-internet\/","title":{"rendered":"S nov\u00fdm logom sp\u00fa\u0161\u0165ame aj nov\u00fd 17. ro\u010dn\u00edk s\u00fa\u0165a\u017enej konferencie JUNIOR INTERNET"},"content":{"rendered":"\t\t<div data-elementor-type=\"wp-post\" data-elementor-id=\"1336\" class=\"elementor elementor-1336\">\n\t\t\t\t\t\t<section class=\"elementor-section elementor-top-section elementor-element elementor-element-61db331 elementor-section-boxed elementor-section-height-default elementor-section-height-default\" data-id=\"61db331\" data-element_type=\"section\">\n\t\t\t\t\t\t<div class=\"elementor-container elementor-column-gap-default\">\n\t\t\t\t\t<div class=\"elementor-column elementor-col-100 elementor-top-column elementor-element elementor-element-10eef6a\" data-id=\"10eef6a\" data-element_type=\"column\">\n\t\t\t<div class=\"elementor-widget-wrap elementor-element-populated\">\n\t\t\t\t\t\t<div class=\"elementor-element elementor-element-7bbd04f elementor-widget elementor-widget-text-editor\" data-id=\"7bbd04f\" data-element_type=\"widget\" data-widget_type=\"text-editor.default\">\n\t\t\t\t<div class=\"elementor-widget-container\">\n\t\t\t\t\t\t\t<div class=\"vc_row wpb_row section vc_row-fluid \"><div class=\" full_section_inner clearfix\"><div class=\"wpb_column vc_column_container vc_col-sm-12\"><div class=\"vc_column-inner\"><div class=\"wpb_wrapper\"><div class=\"wpb_text_column wpb_content_element \"><div class=\"wpb_wrapper\"><p><strong>AMAVET vyhl\u00e1sil 17. ro\u010dn\u00edk jedine\u010dnej konferen\u010dnej s\u00fa\u0165a\u017ee JUNIOR INTERNET. S\u00fa\u0165a\u017e je ur\u010den\u00e1 \u017eiakom z\u00e1kladn\u00fdch a stredn\u00fdch \u0161k\u00f4l, ktor\u00ed sa akt\u00edvne zauj\u00edmaj\u00fa o tvorbu webov\u00fdch str\u00e1nok, digit\u00e1lnu grafiku a dizajn, kreat\u00edvne p\u00edsanie textov, tvorbu blogov alebo vlogov, tvorbu vzdel\u00e1vac\u00edch projektov \u010di programovanie aplik\u00e1ci\u00ed. <\/strong><span id=\"more-5493\"><\/span><\/p><p>S\u00fa\u0165a\u017en\u00e9 kateg\u00f3rie, do ktor\u00fdch \u017eiaci prihlasuj\u00fa svoje pr\u00e1ce s\u00fa: <strong>JuniorWEB <\/strong>\u2013 webov\u00e9 str\u00e1nky, <strong>JuniorDESIGN<\/strong> \u2013 digit\u00e1lne grafick\u00e9 pr\u00e1ce a\u00a0digit\u00e1lny dizajn, <strong>JuniorBLOG<\/strong> \u2013 blogy a\u00a0vlogy, ale aj obsah na soci\u00e1lnych sie\u0165ach, <strong>JuniorAPP<\/strong> \u2013 mobiln\u00e9 aplik\u00e1cie, <strong>JuniorLEARN<\/strong> \u2013 weby a aplik\u00e1cie vyu\u017eite\u013en\u00e9 vo vzdel\u00e1van\u00ed a <strong>JuniorTEXT <\/strong>\u2013 texty na ur\u010den\u00fa t\u00e9mu.<\/p><p>V\u00a0spolupr\u00e1ci so Zast\u00fapen\u00edm Eur\u00f3pskej komisie na Slovensku <strong>vyhlasujeme t\u00e9mu v kateg\u00f3rii<\/strong> <strong>JuniorTEXT<\/strong>: <em><u>\u201ePl\u00e1n obnovy a odolnosti: Slovensko pod\u013ea m\u0148a.\u201c<\/u><\/em> Autori pr\u00edspevku si m\u00f4\u017eu vybra\u0165 probl\u00e9m vo svojom okol\u00ed, regi\u00f3ne, alebo aj v r\u00e1mci cel\u00e9ho Slovenska, do ktor\u00e9ho by pomyseln\u00fd grant E\u00da investovali. Kreativite sa medze neklad\u00fa. <strong>Kontext t\u00e9my: <\/strong><em>V r\u00e1mci Pl\u00e1nu obnovy a odolnosti z\u00edskalo Slovensko vo forme grantov od Eur\u00f3pskej \u00fanie vy\u0161e 6,3 miliardy eur. Predstav si, \u017ee to, na \u010do sa tieto peniaze pou\u017eij\u00fa, je len na tebe. M\u00f4\u017ee\u0161 si vybra\u0165 probl\u00e9m vo svojom okol\u00ed, regi\u00f3ne alebo aj v r\u00e1mci cel\u00e9ho Slovenska. Nemus\u00ed\u0161 p\u00edsa\u0165 len esej alebo \u00favahu, ale napr\u00edklad aj prejav \u010di dokonca b\u00e1se\u0148. Kreativite sa medze neklad\u00fa.<\/em><\/p><p>Prihlasovanie je spusten\u00e9 do <strong>15. marca 2022. <\/strong>Postupuj\u00facich \u017eiakov AMAVET pozve na fin\u00e1le s\u00fa\u0165a\u017enej konferencie Junior Internet, na ktorom s\u00fa\u0165a\u017eiaci predstavuj\u00fa svoje pr\u00e1ce vo forme 3,5 min\u00fatovej prezent\u00e1cie a s\u00fa\u0165a\u017eia o\u00a0hodnotn\u00e9 ceny. Z\u00e1rove\u0148 na svoj projekt dost\u00e1vaj\u00fa cenn\u00fa sp\u00e4tn\u00fa v\u00e4zbu a\u00a0priestor na rozvoj seba i\u00a0svojho projektu. S\u00fa\u0165a\u017e obohacuj\u00fa aj r\u00f4zne workshopy, diskusie a\u00a0prezent\u00e1cie.<\/p><\/div><\/div><\/div><\/div><\/div><\/div><\/div>\t\t\t\t\t\t<\/div>\n\t\t\t\t<\/div>\n\t\t\t\t\t<\/div>\n\t\t<\/div>\n\t\t\t\t\t<\/div>\n\t\t<\/section>\n\t\t\t\t<\/div>\n\t\t","protected":false},"excerpt":{"rendered":"<p>AMAVET vyhl\u00e1sil 17. ro\u010dn\u00edk jedine\u010dnej konferen\u010dnej s\u00fa\u0165a\u017ee JUNIOR INTERNET. S\u00fa\u0165a\u017e je ur\u010den\u00e1 \u017eiakom z\u00e1kladn\u00fdch a stredn\u00fdch \u0161k\u00f4l, ktor\u00ed sa akt\u00edvne zauj\u00edmaj\u00fa o tvorbu webov\u00fdch str\u00e1nok, digit\u00e1lnu grafiku a dizajn, kreat\u00edvne p\u00edsanie textov, tvorbu blogov alebo vlogov, tvorbu vzdel\u00e1vac\u00edch projektov \u010di programovanie aplik\u00e1ci\u00ed. S\u00fa\u0165a\u017en\u00e9 kateg\u00f3rie, do ktor\u00fdch \u017eiaci prihlasuj\u00fa svoje pr\u00e1ce s\u00fa: JuniorWEB \u2013 webov\u00e9 str\u00e1nky, &hellip;<\/p>\n<p class=\"read-more\"> <a class=\"\" href=\"https:\/\/www.juniorinternet.sk\/cms\/s-novym-logom-spustame-aj-novy-17-rocnik-sutaznej-konferencie-junior-internet\/\"> <span class=\"screen-reader-text\">S nov\u00fdm logom sp\u00fa\u0161\u0165ame aj nov\u00fd 17. ro\u010dn\u00edk s\u00fa\u0165a\u017enej konferencie JUNIOR INTERNET<\/span> \u010c\u00edtajte viac &raquo;<\/a><\/p>\n","protected":false},"author":1,"featured_media":1275,"comment_status":"closed","ping_status":"open","sticky":false,"template":"","format":"standard","meta":{"site-sidebar-layout":"default","site-content-layout":"default","ast-global-header-display":"","ast-main-header-display":"","ast-hfb-above-header-display":"","ast-hfb-below-header-display":"","ast-hfb-mobile-header-display":"","site-post-title":"","ast-breadcrumbs-content":"","ast-featured-img":"","footer-sml-layout":"","theme-transparent-header-meta":"default","adv-header-id-meta":"","stick-header-meta":"","header-above-stick-meta":"","header-main-stick-meta":"","header-below-stick-meta":"","_joinchat":{"telephone":"+421948345177"}},"categories":[5],"tags":[],"yoast_head":"<!-- This site is optimized with the Yoast SEO plugin v20.7 - https:\/\/yoast.com\/wordpress\/plugins\/seo\/ -->\n<title>S nov\u00fdm logom sp\u00fa\u0161\u0165ame aj nov\u00fd 17. ro\u010dn\u00edk s\u00fa\u0165a\u017enej konferencie JUNIOR INTERNET - JUNIOR INTERNET AMAVET<\/title>\n<meta name=\"robots\" content=\"index, follow, max-snippet:-1, max-image-preview:large, max-video-preview:-1\" \/>\n<link rel=\"canonical\" href=\"https:\/\/www.juniorinternet.sk\/cms\/s-novym-logom-spustame-aj-novy-17-rocnik-sutaznej-konferencie-junior-internet\/\" \/>\n<meta property=\"og:locale\" content=\"sk_SK\" \/>\n<meta property=\"og:type\" content=\"article\" \/>\n<meta property=\"og:title\" content=\"S nov\u00fdm logom sp\u00fa\u0161\u0165ame aj nov\u00fd 17. ro\u010dn\u00edk s\u00fa\u0165a\u017enej konferencie JUNIOR INTERNET - JUNIOR INTERNET AMAVET\" \/>\n<meta property=\"og:description\" content=\"AMAVET vyhl\u00e1sil 17. ro\u010dn\u00edk jedine\u010dnej konferen\u010dnej s\u00fa\u0165a\u017ee JUNIOR INTERNET. S\u00fa\u0165a\u017e je ur\u010den\u00e1 \u017eiakom z\u00e1kladn\u00fdch a stredn\u00fdch \u0161k\u00f4l, ktor\u00ed sa akt\u00edvne zauj\u00edmaj\u00fa o tvorbu webov\u00fdch str\u00e1nok, digit\u00e1lnu grafiku a dizajn, kreat\u00edvne p\u00edsanie textov, tvorbu blogov alebo vlogov, tvorbu vzdel\u00e1vac\u00edch projektov \u010di programovanie aplik\u00e1ci\u00ed. S\u00fa\u0165a\u017en\u00e9 kateg\u00f3rie, do ktor\u00fdch \u017eiaci prihlasuj\u00fa svoje pr\u00e1ce s\u00fa: JuniorWEB \u2013 webov\u00e9 str\u00e1nky, &hellip; S nov\u00fdm logom sp\u00fa\u0161\u0165ame aj nov\u00fd 17. ro\u010dn\u00edk s\u00fa\u0165a\u017enej konferencie JUNIOR INTERNET \u010c\u00edtajte viac &raquo;\" \/>\n<meta property=\"og:url\" content=\"https:\/\/www.juniorinternet.sk\/cms\/s-novym-logom-spustame-aj-novy-17-rocnik-sutaznej-konferencie-junior-internet\/\" \/>\n<meta property=\"og:site_name\" content=\"JUNIOR INTERNET AMAVET\" \/>\n<meta property=\"article:publisher\" content=\"https:\/\/www.facebook.com\/amavet\/\" \/>\n<meta property=\"article:published_time\" content=\"2022-01-21T20:08:13+00:00\" \/>\n<meta property=\"article:modified_time\" content=\"2022-02-05T16:44:43+00:00\" \/>\n<meta property=\"og:image\" content=\"https:\/\/www.juniorinternet.sk\/cms\/wp-content\/uploads\/2021\/12\/Artboard-140.png\" \/>\n\t<meta property=\"og:image:width\" content=\"1618\" \/>\n\t<meta property=\"og:image:height\" content=\"156\" \/>\n\t<meta property=\"og:image:type\" content=\"image\/png\" \/>\n<meta name=\"author\" content=\"D\u00e1vid Richter\" \/>\n<meta name=\"twitter:card\" content=\"summary_large_image\" \/>\n<meta name=\"twitter:label1\" content=\"Autor\" \/>\n\t<meta name=\"twitter:data1\" content=\"D\u00e1vid Richter\" \/>\n\t<meta name=\"twitter:label2\" content=\"Predpokladan\u00fd \u010das \u010d\u00edtania\" \/>\n\t<meta name=\"twitter:data2\" content=\"2 min\u00faty\" \/>\n<script type=\"application\/ld+json\" class=\"yoast-schema-graph\">{\"@context\":\"https:\/\/schema.org\",\"@graph\":[{\"@type\":\"Article\",\"@id\":\"https:\/\/www.juniorinternet.sk\/cms\/s-novym-logom-spustame-aj-novy-17-rocnik-sutaznej-konferencie-junior-internet\/#article\",\"isPartOf\":{\"@id\":\"https:\/\/www.juniorinternet.sk\/cms\/s-novym-logom-spustame-aj-novy-17-rocnik-sutaznej-konferencie-junior-internet\/\"},\"author\":{\"name\":\"D\u00e1vid Richter\",\"@id\":\"https:\/\/www.juniorinternet.sk\/cms\/#\/schema\/person\/a210f2af135ef661a1b95d208e9df699\"},\"headline\":\"S nov\u00fdm logom sp\u00fa\u0161\u0165ame aj nov\u00fd 17. ro\u010dn\u00edk s\u00fa\u0165a\u017enej konferencie JUNIOR INTERNET\",\"datePublished\":\"2022-01-21T20:08:13+00:00\",\"dateModified\":\"2022-02-05T16:44:43+00:00\",\"mainEntityOfPage\":{\"@id\":\"https:\/\/www.juniorinternet.sk\/cms\/s-novym-logom-spustame-aj-novy-17-rocnik-sutaznej-konferencie-junior-internet\/\"},\"wordCount\":365,\"publisher\":{\"@id\":\"https:\/\/www.juniorinternet.sk\/cms\/#organization\"},\"articleSection\":[\"Novinky\"],\"inLanguage\":\"sk-SK\"},{\"@type\":\"WebPage\",\"@id\":\"https:\/\/www.juniorinternet.sk\/cms\/s-novym-logom-spustame-aj-novy-17-rocnik-sutaznej-konferencie-junior-internet\/\",\"url\":\"https:\/\/www.juniorinternet.sk\/cms\/s-novym-logom-spustame-aj-novy-17-rocnik-sutaznej-konferencie-junior-internet\/\",\"name\":\"S nov\u00fdm logom sp\u00fa\u0161\u0165ame aj nov\u00fd 17. ro\u010dn\u00edk s\u00fa\u0165a\u017enej konferencie JUNIOR INTERNET - JUNIOR INTERNET AMAVET\",\"isPartOf\":{\"@id\":\"https:\/\/www.juniorinternet.sk\/cms\/#website\"},\"datePublished\":\"2022-01-21T20:08:13+00:00\",\"dateModified\":\"2022-02-05T16:44:43+00:00\",\"breadcrumb\":{\"@id\":\"https:\/\/www.juniorinternet.sk\/cms\/s-novym-logom-spustame-aj-novy-17-rocnik-sutaznej-konferencie-junior-internet\/#breadcrumb\"},\"inLanguage\":\"sk-SK\",\"potentialAction\":[{\"@type\":\"ReadAction\",\"target\":[\"https:\/\/www.juniorinternet.sk\/cms\/s-novym-logom-spustame-aj-novy-17-rocnik-sutaznej-konferencie-junior-internet\/\"]}]},{\"@type\":\"BreadcrumbList\",\"@id\":\"https:\/\/www.juniorinternet.sk\/cms\/s-novym-logom-spustame-aj-novy-17-rocnik-sutaznej-konferencie-junior-internet\/#breadcrumb\",\"itemListElement\":[{\"@type\":\"ListItem\",\"position\":1,\"name\":\"Home\",\"item\":\"https:\/\/www.juniorinternet.sk\/cms\/\"},{\"@type\":\"ListItem\",\"position\":2,\"name\":\"S nov\u00fdm logom sp\u00fa\u0161\u0165ame aj nov\u00fd 17. ro\u010dn\u00edk s\u00fa\u0165a\u017enej konferencie JUNIOR INTERNET\"}]},{\"@type\":\"WebSite\",\"@id\":\"https:\/\/www.juniorinternet.sk\/cms\/#website\",\"url\":\"https:\/\/www.juniorinternet.sk\/cms\/\",\"name\":\"Junior Internet\",\"description\":\"Organiz\u00e1tor AMAVET\",\"publisher\":{\"@id\":\"https:\/\/www.juniorinternet.sk\/cms\/#organization\"},\"potentialAction\":[{\"@type\":\"SearchAction\",\"target\":{\"@type\":\"EntryPoint\",\"urlTemplate\":\"https:\/\/www.juniorinternet.sk\/cms\/?s={search_term_string}\"},\"query-input\":\"required name=search_term_string\"}],\"inLanguage\":\"sk-SK\"},{\"@type\":\"Organization\",\"@id\":\"https:\/\/www.juniorinternet.sk\/cms\/#organization\",\"name\":\"Asoci\u00e1cia pre ml\u00e1de\u017e, vedu a techniku\",\"url\":\"https:\/\/www.juniorinternet.sk\/cms\/\",\"logo\":{\"@type\":\"ImageObject\",\"inLanguage\":\"sk-SK\",\"@id\":\"https:\/\/www.juniorinternet.sk\/cms\/#\/schema\/logo\/image\/\",\"url\":\"https:\/\/www.juniorinternet.sk\/cms\/wp-content\/uploads\/2020\/01\/JI_orange_zm.png\",\"contentUrl\":\"https:\/\/www.juniorinternet.sk\/cms\/wp-content\/uploads\/2020\/01\/JI_orange_zm.png\",\"width\":350,\"height\":104,\"caption\":\"Asoci\u00e1cia pre ml\u00e1de\u017e, vedu a techniku\"},\"image\":{\"@id\":\"https:\/\/www.juniorinternet.sk\/cms\/#\/schema\/logo\/image\/\"},\"sameAs\":[\"https:\/\/www.facebook.com\/amavet\/\",\"https:\/\/www.instagram.com\/amavetsk\/\",\"https:\/\/www.youtube.com\/user\/AMAVETsk\"]},{\"@type\":\"Person\",\"@id\":\"https:\/\/www.juniorinternet.sk\/cms\/#\/schema\/person\/a210f2af135ef661a1b95d208e9df699\",\"name\":\"D\u00e1vid Richter\",\"image\":{\"@type\":\"ImageObject\",\"inLanguage\":\"sk-SK\",\"@id\":\"https:\/\/www.juniorinternet.sk\/cms\/#\/schema\/person\/image\/\",\"url\":\"https:\/\/secure.gravatar.com\/avatar\/b0684585e834f67c021c34c3d842bf46?s=96&d=mm&r=g\",\"contentUrl\":\"https:\/\/secure.gravatar.com\/avatar\/b0684585e834f67c021c34c3d842bf46?s=96&d=mm&r=g\",\"caption\":\"D\u00e1vid Richter\"}}]}<\/script>\n<!-- \/ Yoast SEO plugin. -->","yoast_head_json":{"title":"S nov\u00fdm logom sp\u00fa\u0161\u0165ame aj nov\u00fd 17. ro\u010dn\u00edk s\u00fa\u0165a\u017enej konferencie JUNIOR INTERNET - JUNIOR INTERNET AMAVET","robots":{"index":"index","follow":"follow","max-snippet":"max-snippet:-1","max-image-preview":"max-image-preview:large","max-video-preview":"max-video-preview:-1"},"canonical":"https:\/\/www.juniorinternet.sk\/cms\/s-novym-logom-spustame-aj-novy-17-rocnik-sutaznej-konferencie-junior-internet\/","og_locale":"sk_SK","og_type":"article","og_title":"S nov\u00fdm logom sp\u00fa\u0161\u0165ame aj nov\u00fd 17. ro\u010dn\u00edk s\u00fa\u0165a\u017enej konferencie JUNIOR INTERNET - JUNIOR INTERNET AMAVET","og_description":"AMAVET vyhl\u00e1sil 17. ro\u010dn\u00edk jedine\u010dnej konferen\u010dnej s\u00fa\u0165a\u017ee JUNIOR INTERNET. S\u00fa\u0165a\u017e je ur\u010den\u00e1 \u017eiakom z\u00e1kladn\u00fdch a stredn\u00fdch \u0161k\u00f4l, ktor\u00ed sa akt\u00edvne zauj\u00edmaj\u00fa o tvorbu webov\u00fdch str\u00e1nok, digit\u00e1lnu grafiku a dizajn, kreat\u00edvne p\u00edsanie textov, tvorbu blogov alebo vlogov, tvorbu vzdel\u00e1vac\u00edch projektov \u010di programovanie aplik\u00e1ci\u00ed. S\u00fa\u0165a\u017en\u00e9 kateg\u00f3rie, do ktor\u00fdch \u017eiaci prihlasuj\u00fa svoje pr\u00e1ce s\u00fa: JuniorWEB \u2013 webov\u00e9 str\u00e1nky, &hellip; S nov\u00fdm logom sp\u00fa\u0161\u0165ame aj nov\u00fd 17. ro\u010dn\u00edk s\u00fa\u0165a\u017enej konferencie JUNIOR INTERNET \u010c\u00edtajte viac &raquo;","og_url":"https:\/\/www.juniorinternet.sk\/cms\/s-novym-logom-spustame-aj-novy-17-rocnik-sutaznej-konferencie-junior-internet\/","og_site_name":"JUNIOR INTERNET AMAVET","article_publisher":"https:\/\/www.facebook.com\/amavet\/","article_published_time":"2022-01-21T20:08:13+00:00","article_modified_time":"2022-02-05T16:44:43+00:00","og_image":[{"width":1618,"height":156,"url":"https:\/\/www.juniorinternet.sk\/cms\/wp-content\/uploads\/2021\/12\/Artboard-140.png","type":"image\/png"}],"author":"D\u00e1vid Richter","twitter_card":"summary_large_image","twitter_misc":{"Autor":"D\u00e1vid Richter","Predpokladan\u00fd \u010das \u010d\u00edtania":"2 min\u00faty"},"schema":{"@context":"https:\/\/schema.org","@graph":[{"@type":"Article","@id":"https:\/\/www.juniorinternet.sk\/cms\/s-novym-logom-spustame-aj-novy-17-rocnik-sutaznej-konferencie-junior-internet\/#article","isPartOf":{"@id":"https:\/\/www.juniorinternet.sk\/cms\/s-novym-logom-spustame-aj-novy-17-rocnik-sutaznej-konferencie-junior-internet\/"},"author":{"name":"D\u00e1vid Richter","@id":"https:\/\/www.juniorinternet.sk\/cms\/#\/schema\/person\/a210f2af135ef661a1b95d208e9df699"},"headline":"S nov\u00fdm logom sp\u00fa\u0161\u0165ame aj nov\u00fd 17. ro\u010dn\u00edk s\u00fa\u0165a\u017enej konferencie JUNIOR INTERNET","datePublished":"2022-01-21T20:08:13+00:00","dateModified":"2022-02-05T16:44:43+00:00","mainEntityOfPage":{"@id":"https:\/\/www.juniorinternet.sk\/cms\/s-novym-logom-spustame-aj-novy-17-rocnik-sutaznej-konferencie-junior-internet\/"},"wordCount":365,"publisher":{"@id":"https:\/\/www.juniorinternet.sk\/cms\/#organization"},"articleSection":["Novinky"],"inLanguage":"sk-SK"},{"@type":"WebPage","@id":"https:\/\/www.juniorinternet.sk\/cms\/s-novym-logom-spustame-aj-novy-17-rocnik-sutaznej-konferencie-junior-internet\/","url":"https:\/\/www.juniorinternet.sk\/cms\/s-novym-logom-spustame-aj-novy-17-rocnik-sutaznej-konferencie-junior-internet\/","name":"S nov\u00fdm logom sp\u00fa\u0161\u0165ame aj nov\u00fd 17. ro\u010dn\u00edk s\u00fa\u0165a\u017enej konferencie JUNIOR INTERNET - JUNIOR INTERNET AMAVET","isPartOf":{"@id":"https:\/\/www.juniorinternet.sk\/cms\/#website"},"datePublished":"2022-01-21T20:08:13+00:00","dateModified":"2022-02-05T16:44:43+00:00","breadcrumb":{"@id":"https:\/\/www.juniorinternet.sk\/cms\/s-novym-logom-spustame-aj-novy-17-rocnik-sutaznej-konferencie-junior-internet\/#breadcrumb"},"inLanguage":"sk-SK","potentialAction":[{"@type":"ReadAction","target":["https:\/\/www.juniorinternet.sk\/cms\/s-novym-logom-spustame-aj-novy-17-rocnik-sutaznej-konferencie-junior-internet\/"]}]},{"@type":"BreadcrumbList","@id":"https:\/\/www.juniorinternet.sk\/cms\/s-novym-logom-spustame-aj-novy-17-rocnik-sutaznej-konferencie-junior-internet\/#breadcrumb","itemListElement":[{"@type":"ListItem","position":1,"name":"Home","item":"https:\/\/www.juniorinternet.sk\/cms\/"},{"@type":"ListItem","position":2,"name":"S nov\u00fdm logom sp\u00fa\u0161\u0165ame aj nov\u00fd 17. ro\u010dn\u00edk s\u00fa\u0165a\u017enej konferencie JUNIOR INTERNET"}]},{"@type":"WebSite","@id":"https:\/\/www.juniorinternet.sk\/cms\/#website","url":"https:\/\/www.juniorinternet.sk\/cms\/","name":"Junior Internet","description":"Organiz\u00e1tor AMAVET","publisher":{"@id":"https:\/\/www.juniorinternet.sk\/cms\/#organization"},"potentialAction":[{"@type":"SearchAction","target":{"@type":"EntryPoint","urlTemplate":"https:\/\/www.juniorinternet.sk\/cms\/?s={search_term_string}"},"query-input":"required name=search_term_string"}],"inLanguage":"sk-SK"},{"@type":"Organization","@id":"https:\/\/www.juniorinternet.sk\/cms\/#organization","name":"Asoci\u00e1cia pre ml\u00e1de\u017e, vedu a techniku","url":"https:\/\/www.juniorinternet.sk\/cms\/","logo":{"@type":"ImageObject","inLanguage":"sk-SK","@id":"https:\/\/www.juniorinternet.sk\/cms\/#\/schema\/logo\/image\/","url":"https:\/\/www.juniorinternet.sk\/cms\/wp-content\/uploads\/2020\/01\/JI_orange_zm.png","contentUrl":"https:\/\/www.juniorinternet.sk\/cms\/wp-content\/uploads\/2020\/01\/JI_orange_zm.png","width":350,"height":104,"caption":"Asoci\u00e1cia pre ml\u00e1de\u017e, vedu a techniku"},"image":{"@id":"https:\/\/www.juniorinternet.sk\/cms\/#\/schema\/logo\/image\/"},"sameAs":["https:\/\/www.facebook.com\/amavet\/","https:\/\/www.instagram.com\/amavetsk\/","https:\/\/www.youtube.com\/user\/AMAVETsk"]},{"@type":"Person","@id":"https:\/\/www.juniorinternet.sk\/cms\/#\/schema\/person\/a210f2af135ef661a1b95d208e9df699","name":"D\u00e1vid Richter","image":{"@type":"ImageObject","inLanguage":"sk-SK","@id":"https:\/\/www.juniorinternet.sk\/cms\/#\/schema\/person\/image\/","url":"https:\/\/secure.gravatar.com\/avatar\/b0684585e834f67c021c34c3d842bf46?s=96&d=mm&r=g","contentUrl":"https:\/\/secure.gravatar.com\/avatar\/b0684585e834f67c021c34c3d842bf46?s=96&d=mm&r=g","caption":"D\u00e1vid Richter"}}]}},"_links":{"self":[{"href":"https:\/\/www.juniorinternet.sk\/cms\/wp-json\/wp\/v2\/posts\/1336"}],"collection":[{"href":"https:\/\/www.juniorinternet.sk\/cms\/wp-json\/wp\/v2\/posts"}],"about":[{"href":"https:\/\/www.juniorinternet.sk\/cms\/wp-json\/wp\/v2\/types\/post"}],"author":[{"embeddable":true,"href":"https:\/\/www.juniorinternet.sk\/cms\/wp-json\/wp\/v2\/users\/1"}],"replies":[{"embeddable":true,"href":"https:\/\/www.juniorinternet.sk\/cms\/wp-json\/wp\/v2\/comments?post=1336"}],"version-history":[{"count":5,"href":"https:\/\/www.juniorinternet.sk\/cms\/wp-json\/wp\/v2\/posts\/1336\/revisions"}],"predecessor-version":[{"id":1349,"href":"https:\/\/www.juniorinternet.sk\/cms\/wp-json\/wp\/v2\/posts\/1336\/revisions\/1349"}],"wp:featuredmedia":[{"embeddable":true,"href":"https:\/\/www.juniorinternet.sk\/cms\/wp-json\/wp\/v2\/media\/1275"}],"wp:attachment":[{"href":"https:\/\/www.juniorinternet.sk\/cms\/wp-json\/wp\/v2\/media?parent=1336"}],"wp:term":[{"taxonomy":"category","embeddable":true,"href":"https:\/\/www.juniorinternet.sk\/cms\/wp-json\/wp\/v2\/categories?post=1336"},{"taxonomy":"post_tag","embeddable":true,"href":"https:\/\/www.juniorinternet.sk\/cms\/wp-json\/wp\/v2\/tags?post=1336"}],"curies":[{"name":"wp","href":"https:\/\/api.w.org\/{rel}","templated":true}]}}